{"id":244,"date":"2014-12-25T18:14:09","date_gmt":"2014-12-25T17:14:09","guid":{"rendered":"http:\/\/www.seclantas-adentro-vinos.com\/?p=244"},"modified":"2020-02-19T09:04:31","modified_gmt":"2020-02-19T08:04:31","slug":"seclantas-adentro-en-vinoteca-saint-vincent-en-paris","status":"publish","type":"post","link":"https:\/\/www.seclantas-adentro-vinos.com\/es\/seclantas-adentro-en-vinoteca-saint-vincent-en-paris\/","title":{"rendered":"Seclantas Adentro aux caves Saint Vincent,  Paris XVI"},"content":{"rendered":"<p>Edouard a su tout de suite reconna\u00eetre le caract\u00e8re exceptionnel de vins d&#8217;altitude de Seclantas Adentro.<\/p>\n<p>Nous sommes heureux d&#8217;\u00eatre en vente dans la rue des Belles Feuilles, un \u00a0prestigieux\u00a0quartier de Paris.<\/p>\n<p><a href=\"http:\/\/www.seclantas-adentro-vinos.com\/wp-content\/uploads\/2014\/12\/saint-vincent.jpg\"><img loading=\"lazy\" decoding=\"async\" class=\"alignnone wp-image-246\" src=\"http:\/\/www.seclantas-adentro-vinos.com\/wp-content\/uploads\/2014\/12\/saint-vincent-666x500.jpg\" alt=\"saint vincent\" width=\"597\" height=\"448\" \/><\/a><\/p>\n","protected":false},"excerpt":{"rendered":"<p>Edouard a su tout de suite reconna\u00eetre le caract\u00e8re exceptionnel de vins d&#8217;altitude de Seclantas Adentro. Nous sommes heureux d&#8217;\u00eatre en vente dans la rue des Belles Feuilles, un \u00a0prestigieux\u00a0quartier de Paris.<\/p>\n","protected":false},"author":2,"featured_media":0,"comment_status":"open","ping_status":"open","sticky":false,"template":"","format":"standard","meta":{"_mi_skip_tracking":false,"footnotes":""},"categories":[1],"tags":[],"class_list":["post-244","post","type-post","status-publish","format-standard","hentry","category-sin-categorizar"],"yoast_head":"<!-- This site is optimized with the Yoast SEO plugin v20.4 - https:\/\/yoast.com\/wordpress\/plugins\/seo\/ -->\n<title>Seclantas Adentro aux caves Saint Vincent, Paris XVI - Seclantas Adentro<\/title>\n<meta name=\"robots\" content=\"index, follow, max-snippet:-1, max-image-preview:large, max-video-preview:-1\" \/>\n<link rel=\"canonical\" href=\"https:\/\/www.seclantas-adentro-vinos.com\/es\/seclantas-adentro-en-vinoteca-saint-vincent-en-paris\/\" \/>\n<meta property=\"og:locale\" content=\"es_ES\" \/>\n<meta property=\"og:type\" content=\"article\" \/>\n<meta property=\"og:title\" content=\"Seclantas Adentro aux caves Saint Vincent, Paris XVI - Seclantas Adentro\" \/>\n<meta property=\"og:description\" content=\"Edouard a su tout de suite reconna\u00eetre le caract\u00e8re exceptionnel de vins d&#8217;altitude de Seclantas Adentro. Nous sommes heureux d&#8217;\u00eatre en vente dans la rue des Belles Feuilles, un \u00a0prestigieux\u00a0quartier de Paris.\" \/>\n<meta property=\"og:url\" content=\"https:\/\/www.seclantas-adentro-vinos.com\/es\/seclantas-adentro-en-vinoteca-saint-vincent-en-paris\/\" \/>\n<meta property=\"og:site_name\" content=\"Seclantas Adentro\" \/>\n<meta property=\"article:publisher\" content=\"https:\/\/www.facebook.com\/seclantas.adentro\" \/>\n<meta property=\"article:author\" content=\"https:\/\/www.facebook.com\/seclantas.adentro\" \/>\n<meta property=\"article:published_time\" content=\"2014-12-25T17:14:09+00:00\" \/>\n<meta property=\"article:modified_time\" content=\"2020-02-19T08:04:31+00:00\" \/>\n<meta property=\"og:image\" content=\"http:\/\/www.seclantas-adentro-vinos.com\/wp-content\/uploads\/2014\/12\/saint-vincent-666x500.jpg\" \/>\n<meta name=\"author\" content=\"Seclantas Adentro\" \/>\n<meta name=\"twitter:card\" content=\"summary_large_image\" \/>\n<meta name=\"twitter:label1\" content=\"Escrito por\" \/>\n\t<meta name=\"twitter:data1\" content=\"Seclantas Adentro\" \/>\n<script type=\"application\/ld+json\" class=\"yoast-schema-graph\">{\"@context\":\"https:\/\/schema.org\",\"@graph\":[{\"@type\":\"WebPage\",\"@id\":\"https:\/\/www.seclantas-adentro-vinos.com\/es\/seclantas-adentro-en-vinoteca-saint-vincent-en-paris\/\",\"url\":\"https:\/\/www.seclantas-adentro-vinos.com\/es\/seclantas-adentro-en-vinoteca-saint-vincent-en-paris\/\",\"name\":\"Seclantas Adentro aux caves Saint Vincent, Paris XVI - Seclantas Adentro\",\"isPartOf\":{\"@id\":\"https:\/\/www.seclantas-adentro-vinos.com\/es\/#website\"},\"datePublished\":\"2014-12-25T17:14:09+00:00\",\"dateModified\":\"2020-02-19T08:04:31+00:00\",\"author\":{\"@id\":\"https:\/\/www.seclantas-adentro-vinos.com\/es\/#\/schema\/person\/160a57d51539bd4e61220dbd3c8f5175\"},\"breadcrumb\":{\"@id\":\"https:\/\/www.seclantas-adentro-vinos.com\/es\/seclantas-adentro-en-vinoteca-saint-vincent-en-paris\/#breadcrumb\"},\"inLanguage\":\"es\",\"potentialAction\":[{\"@type\":\"ReadAction\",\"target\":[\"https:\/\/www.seclantas-adentro-vinos.com\/es\/seclantas-adentro-en-vinoteca-saint-vincent-en-paris\/\"]}]},{\"@type\":\"BreadcrumbList\",\"@id\":\"https:\/\/www.seclantas-adentro-vinos.com\/es\/seclantas-adentro-en-vinoteca-saint-vincent-en-paris\/#breadcrumb\",\"itemListElement\":[{\"@type\":\"ListItem\",\"position\":1,\"name\":\"Accueil\",\"item\":\"https:\/\/www.seclantas-adentro-vinos.com\/es\/\"},{\"@type\":\"ListItem\",\"position\":2,\"name\":\"Seclantas Adentro aux caves Saint Vincent, Paris XVI\"}]},{\"@type\":\"WebSite\",\"@id\":\"https:\/\/www.seclantas-adentro-vinos.com\/es\/#website\",\"url\":\"https:\/\/www.seclantas-adentro-vinos.com\/es\/\",\"name\":\"Seclantas Adentro\",\"description\":\"An exceptional wine  The quintessence of the Calchaqu\u00ed Valley.\",\"potentialAction\":[{\"@type\":\"SearchAction\",\"target\":{\"@type\":\"EntryPoint\",\"urlTemplate\":\"https:\/\/www.seclantas-adentro-vinos.com\/es\/?s={search_term_string}\"},\"query-input\":\"required name=search_term_string\"}],\"inLanguage\":\"es\"},{\"@type\":\"Person\",\"@id\":\"https:\/\/www.seclantas-adentro-vinos.com\/es\/#\/schema\/person\/160a57d51539bd4e61220dbd3c8f5175\",\"name\":\"Seclantas Adentro\",\"sameAs\":[\"https:\/\/www.facebook.com\/seclantas.adentro\"]}]}<\/script>\n<!-- \/ Yoast SEO plugin. -->","yoast_head_json":{"title":"Seclantas Adentro aux caves Saint Vincent, Paris XVI - Seclantas Adentro","robots":{"index":"index","follow":"follow","max-snippet":"max-snippet:-1","max-image-preview":"max-image-preview:large","max-video-preview":"max-video-preview:-1"},"canonical":"https:\/\/www.seclantas-adentro-vinos.com\/es\/seclantas-adentro-en-vinoteca-saint-vincent-en-paris\/","og_locale":"es_ES","og_type":"article","og_title":"Seclantas Adentro aux caves Saint Vincent, Paris XVI - Seclantas Adentro","og_description":"Edouard a su tout de suite reconna\u00eetre le caract\u00e8re exceptionnel de vins d&#8217;altitude de Seclantas Adentro. Nous sommes heureux d&#8217;\u00eatre en vente dans la rue des Belles Feuilles, un \u00a0prestigieux\u00a0quartier de Paris.","og_url":"https:\/\/www.seclantas-adentro-vinos.com\/es\/seclantas-adentro-en-vinoteca-saint-vincent-en-paris\/","og_site_name":"Seclantas Adentro","article_publisher":"https:\/\/www.facebook.com\/seclantas.adentro","article_author":"https:\/\/www.facebook.com\/seclantas.adentro","article_published_time":"2014-12-25T17:14:09+00:00","article_modified_time":"2020-02-19T08:04:31+00:00","og_image":[{"url":"http:\/\/www.seclantas-adentro-vinos.com\/wp-content\/uploads\/2014\/12\/saint-vincent-666x500.jpg"}],"author":"Seclantas Adentro","twitter_card":"summary_large_image","twitter_misc":{"Escrito por":"Seclantas Adentro"},"schema":{"@context":"https:\/\/schema.org","@graph":[{"@type":"WebPage","@id":"https:\/\/www.seclantas-adentro-vinos.com\/es\/seclantas-adentro-en-vinoteca-saint-vincent-en-paris\/","url":"https:\/\/www.seclantas-adentro-vinos.com\/es\/seclantas-adentro-en-vinoteca-saint-vincent-en-paris\/","name":"Seclantas Adentro aux caves Saint Vincent, Paris XVI - Seclantas Adentro","isPartOf":{"@id":"https:\/\/www.seclantas-adentro-vinos.com\/es\/#website"},"datePublished":"2014-12-25T17:14:09+00:00","dateModified":"2020-02-19T08:04:31+00:00","author":{"@id":"https:\/\/www.seclantas-adentro-vinos.com\/es\/#\/schema\/person\/160a57d51539bd4e61220dbd3c8f5175"},"breadcrumb":{"@id":"https:\/\/www.seclantas-adentro-vinos.com\/es\/seclantas-adentro-en-vinoteca-saint-vincent-en-paris\/#breadcrumb"},"inLanguage":"es","potentialAction":[{"@type":"ReadAction","target":["https:\/\/www.seclantas-adentro-vinos.com\/es\/seclantas-adentro-en-vinoteca-saint-vincent-en-paris\/"]}]},{"@type":"BreadcrumbList","@id":"https:\/\/www.seclantas-adentro-vinos.com\/es\/seclantas-adentro-en-vinoteca-saint-vincent-en-paris\/#breadcrumb","itemListElement":[{"@type":"ListItem","position":1,"name":"Accueil","item":"https:\/\/www.seclantas-adentro-vinos.com\/es\/"},{"@type":"ListItem","position":2,"name":"Seclantas Adentro aux caves Saint Vincent, Paris XVI"}]},{"@type":"WebSite","@id":"https:\/\/www.seclantas-adentro-vinos.com\/es\/#website","url":"https:\/\/www.seclantas-adentro-vinos.com\/es\/","name":"Seclantas Adentro","description":"An exceptional wine  The quintessence of the Calchaqu\u00ed Valley.","potentialAction":[{"@type":"SearchAction","target":{"@type":"EntryPoint","urlTemplate":"https:\/\/www.seclantas-adentro-vinos.com\/es\/?s={search_term_string}"},"query-input":"required name=search_term_string"}],"inLanguage":"es"},{"@type":"Person","@id":"https:\/\/www.seclantas-adentro-vinos.com\/es\/#\/schema\/person\/160a57d51539bd4e61220dbd3c8f5175","name":"Seclantas Adentro","sameAs":["https:\/\/www.facebook.com\/seclantas.adentro"]}]}},"_links":{"self":[{"href":"https:\/\/www.seclantas-adentro-vinos.com\/es\/wp-json\/wp\/v2\/posts\/244","targetHints":{"allow":["GET"]}}],"collection":[{"href":"https:\/\/www.seclantas-adentro-vinos.com\/es\/wp-json\/wp\/v2\/posts"}],"about":[{"href":"https:\/\/www.seclantas-adentro-vinos.com\/es\/wp-json\/wp\/v2\/types\/post"}],"author":[{"embeddable":true,"href":"https:\/\/www.seclantas-adentro-vinos.com\/es\/wp-json\/wp\/v2\/users\/2"}],"replies":[{"embeddable":true,"href":"https:\/\/www.seclantas-adentro-vinos.com\/es\/wp-json\/wp\/v2\/comments?post=244"}],"version-history":[{"count":1,"href":"https:\/\/www.seclantas-adentro-vinos.com\/es\/wp-json\/wp\/v2\/posts\/244\/revisions"}],"predecessor-version":[{"id":1140,"href":"https:\/\/www.seclantas-adentro-vinos.com\/es\/wp-json\/wp\/v2\/posts\/244\/revisions\/1140"}],"wp:attachment":[{"href":"https:\/\/www.seclantas-adentro-vinos.com\/es\/wp-json\/wp\/v2\/media?parent=244"}],"wp:term":[{"taxonomy":"category","embeddable":true,"href":"https:\/\/www.seclantas-adentro-vinos.com\/es\/wp-json\/wp\/v2\/categories?post=244"},{"taxonomy":"post_tag","embeddable":true,"href":"https:\/\/www.seclantas-adentro-vinos.com\/es\/wp-json\/wp\/v2\/tags?post=244"}],"curies":[{"name":"wp","href":"https:\/\/api.w.org\/{rel}","templated":true}]}}