{"id":181,"date":"2014-08-10T11:47:55","date_gmt":"2014-08-10T10:47:55","guid":{"rendered":"http:\/\/www.seclantas-adentro-vinos.com\/?p=181"},"modified":"2020-02-19T09:04:44","modified_gmt":"2020-02-19T08:04:44","slug":"seclantas-adentro-en-la-guia-descorchados","status":"publish","type":"post","link":"https:\/\/www.seclantas-adentro-vinos.com\/es\/seclantas-adentro-en-la-guia-descorchados\/","title":{"rendered":"Seclantas Adentro dans le guide Descorchados 2014"},"content":{"rendered":"<p><strong>91 points\u00a0dans le\u00a0Guide Descorchados 2014<\/strong><\/p>\n<p>Un d\u00e9licieux jus de cerises et de prunes, et de tous les fruits m\u00fbres, gouleyants,voluptueux. C&#8217;est un grand vin, g\u00e9n\u00e9reux dans tous les sens, un vin pour des hivers rudes. A le boire. Le projet est n\u00e9 \u00e0 la localit\u00e9 de Seclantas, Salta, \u00e0 2200 m\u00e8tres d&#8217;altitude. Vinification \u00e0 charge de Ra\u00fal et Alvaro Davalos.<\/p>\n<p>&nbsp;<\/p>\n<p><em>\u00bb Un jugo delicioso de cerezas y ciruelas y de todas las frutas maduras, golosas, voluptuosas. Es un vino grande, generoso en todo sentido, un vino para inviernos crudos.\u00a0<\/em> <em>A tomarlas. El proyecto surge en la localidad de Seclantas, en Molinos a 2200 metros de altura. El asesoramiento corre por cuenta de Ra\u00fal D\u00e1valos (hijo) y Alvaro D\u00e1valos.\u00bb<\/em><\/p>\n","protected":false},"excerpt":{"rendered":"<p>91 points\u00a0dans le\u00a0Guide Descorchados 2014 Un d\u00e9licieux jus de cerises et de prunes, et de tous les fruits m\u00fbres, gouleyants,voluptueux. C&#8217;est un grand vin, g\u00e9n\u00e9reux dans tous les sens, un vin pour des hivers rudes. A le boire. Le projet est n\u00e9 \u00e0 la localit\u00e9 de Seclantas, Salta, \u00e0 2200 m\u00e8tres d&#8217;altitude. Vinification \u00e0 charge [&hellip;]<\/p>\n","protected":false},"author":2,"featured_media":211,"comment_status":"open","ping_status":"open","sticky":false,"template":"","format":"standard","meta":{"_mi_skip_tracking":false,"footnotes":""},"categories":[1],"tags":[],"class_list":["post-181","post","type-post","status-publish","format-standard","has-post-thumbnail","hentry","category-sin-categorizar"],"yoast_head":"<!-- This site is optimized with the Yoast SEO plugin v20.4 - https:\/\/yoast.com\/wordpress\/plugins\/seo\/ -->\n<title>Seclantas Adentro dans le guide Descorchados 2014 - Seclantas Adentro<\/title>\n<meta name=\"robots\" content=\"index, follow, max-snippet:-1, max-image-preview:large, max-video-preview:-1\" \/>\n<link rel=\"canonical\" href=\"https:\/\/www.seclantas-adentro-vinos.com\/es\/seclantas-adentro-en-la-guia-descorchados\/\" \/>\n<meta property=\"og:locale\" content=\"es_ES\" \/>\n<meta property=\"og:type\" content=\"article\" \/>\n<meta property=\"og:title\" content=\"Seclantas Adentro dans le guide Descorchados 2014 - Seclantas Adentro\" \/>\n<meta property=\"og:description\" content=\"91 points\u00a0dans le\u00a0Guide Descorchados 2014 Un d\u00e9licieux jus de cerises et de prunes, et de tous les fruits m\u00fbres, gouleyants,voluptueux. C&#8217;est un grand vin, g\u00e9n\u00e9reux dans tous les sens, un vin pour des hivers rudes. A le boire. Le projet est n\u00e9 \u00e0 la localit\u00e9 de Seclantas, Salta, \u00e0 2200 m\u00e8tres d&#8217;altitude. Vinification \u00e0 charge [&hellip;]\" \/>\n<meta property=\"og:url\" content=\"https:\/\/www.seclantas-adentro-vinos.com\/es\/seclantas-adentro-en-la-guia-descorchados\/\" \/>\n<meta property=\"og:site_name\" content=\"Seclantas Adentro\" \/>\n<meta property=\"article:publisher\" content=\"https:\/\/www.facebook.com\/seclantas.adentro\" \/>\n<meta property=\"article:author\" content=\"https:\/\/www.facebook.com\/seclantas.adentro\" \/>\n<meta property=\"article:published_time\" content=\"2014-08-10T10:47:55+00:00\" \/>\n<meta property=\"article:modified_time\" content=\"2020-02-19T08:04:44+00:00\" \/>\n<meta property=\"og:image\" content=\"https:\/\/www.seclantas-adentro-vinos.com\/wp-content\/uploads\/2014\/08\/descorchados.jpeg\" \/>\n\t<meta property=\"og:image:width\" content=\"640\" \/>\n\t<meta property=\"og:image:height\" content=\"300\" \/>\n\t<meta property=\"og:image:type\" content=\"image\/jpeg\" \/>\n<meta name=\"author\" content=\"Seclantas Adentro\" \/>\n<meta name=\"twitter:card\" content=\"summary_large_image\" \/>\n<meta name=\"twitter:label1\" content=\"Escrito por\" \/>\n\t<meta name=\"twitter:data1\" content=\"Seclantas Adentro\" \/>\n\t<meta name=\"twitter:label2\" content=\"Tiempo de lectura\" \/>\n\t<meta name=\"twitter:data2\" content=\"1 minuto\" \/>\n<script type=\"application\/ld+json\" class=\"yoast-schema-graph\">{\"@context\":\"https:\/\/schema.org\",\"@graph\":[{\"@type\":\"WebPage\",\"@id\":\"https:\/\/www.seclantas-adentro-vinos.com\/es\/seclantas-adentro-en-la-guia-descorchados\/\",\"url\":\"https:\/\/www.seclantas-adentro-vinos.com\/es\/seclantas-adentro-en-la-guia-descorchados\/\",\"name\":\"Seclantas Adentro dans le guide Descorchados 2014 - Seclantas Adentro\",\"isPartOf\":{\"@id\":\"https:\/\/www.seclantas-adentro-vinos.com\/es\/#website\"},\"datePublished\":\"2014-08-10T10:47:55+00:00\",\"dateModified\":\"2020-02-19T08:04:44+00:00\",\"author\":{\"@id\":\"https:\/\/www.seclantas-adentro-vinos.com\/es\/#\/schema\/person\/160a57d51539bd4e61220dbd3c8f5175\"},\"breadcrumb\":{\"@id\":\"https:\/\/www.seclantas-adentro-vinos.com\/es\/seclantas-adentro-en-la-guia-descorchados\/#breadcrumb\"},\"inLanguage\":\"es\",\"potentialAction\":[{\"@type\":\"ReadAction\",\"target\":[\"https:\/\/www.seclantas-adentro-vinos.com\/es\/seclantas-adentro-en-la-guia-descorchados\/\"]}]},{\"@type\":\"BreadcrumbList\",\"@id\":\"https:\/\/www.seclantas-adentro-vinos.com\/es\/seclantas-adentro-en-la-guia-descorchados\/#breadcrumb\",\"itemListElement\":[{\"@type\":\"ListItem\",\"position\":1,\"name\":\"Accueil\",\"item\":\"https:\/\/www.seclantas-adentro-vinos.com\/es\/\"},{\"@type\":\"ListItem\",\"position\":2,\"name\":\"Seclantas Adentro dans le guide Descorchados 2014\"}]},{\"@type\":\"WebSite\",\"@id\":\"https:\/\/www.seclantas-adentro-vinos.com\/es\/#website\",\"url\":\"https:\/\/www.seclantas-adentro-vinos.com\/es\/\",\"name\":\"Seclantas Adentro\",\"description\":\"An exceptional wine  The quintessence of the Calchaqu\u00ed Valley.\",\"potentialAction\":[{\"@type\":\"SearchAction\",\"target\":{\"@type\":\"EntryPoint\",\"urlTemplate\":\"https:\/\/www.seclantas-adentro-vinos.com\/es\/?s={search_term_string}\"},\"query-input\":\"required name=search_term_string\"}],\"inLanguage\":\"es\"},{\"@type\":\"Person\",\"@id\":\"https:\/\/www.seclantas-adentro-vinos.com\/es\/#\/schema\/person\/160a57d51539bd4e61220dbd3c8f5175\",\"name\":\"Seclantas Adentro\",\"sameAs\":[\"https:\/\/www.facebook.com\/seclantas.adentro\"]}]}<\/script>\n<!-- \/ Yoast SEO plugin. -->","yoast_head_json":{"title":"Seclantas Adentro dans le guide Descorchados 2014 - Seclantas Adentro","robots":{"index":"index","follow":"follow","max-snippet":"max-snippet:-1","max-image-preview":"max-image-preview:large","max-video-preview":"max-video-preview:-1"},"canonical":"https:\/\/www.seclantas-adentro-vinos.com\/es\/seclantas-adentro-en-la-guia-descorchados\/","og_locale":"es_ES","og_type":"article","og_title":"Seclantas Adentro dans le guide Descorchados 2014 - Seclantas Adentro","og_description":"91 points\u00a0dans le\u00a0Guide Descorchados 2014 Un d\u00e9licieux jus de cerises et de prunes, et de tous les fruits m\u00fbres, gouleyants,voluptueux. C&#8217;est un grand vin, g\u00e9n\u00e9reux dans tous les sens, un vin pour des hivers rudes. A le boire. Le projet est n\u00e9 \u00e0 la localit\u00e9 de Seclantas, Salta, \u00e0 2200 m\u00e8tres d&#8217;altitude. Vinification \u00e0 charge [&hellip;]","og_url":"https:\/\/www.seclantas-adentro-vinos.com\/es\/seclantas-adentro-en-la-guia-descorchados\/","og_site_name":"Seclantas Adentro","article_publisher":"https:\/\/www.facebook.com\/seclantas.adentro","article_author":"https:\/\/www.facebook.com\/seclantas.adentro","article_published_time":"2014-08-10T10:47:55+00:00","article_modified_time":"2020-02-19T08:04:44+00:00","og_image":[{"width":640,"height":300,"url":"https:\/\/www.seclantas-adentro-vinos.com\/wp-content\/uploads\/2014\/08\/descorchados.jpeg","type":"image\/jpeg"}],"author":"Seclantas Adentro","twitter_card":"summary_large_image","twitter_misc":{"Escrito por":"Seclantas Adentro","Tiempo de lectura":"1 minuto"},"schema":{"@context":"https:\/\/schema.org","@graph":[{"@type":"WebPage","@id":"https:\/\/www.seclantas-adentro-vinos.com\/es\/seclantas-adentro-en-la-guia-descorchados\/","url":"https:\/\/www.seclantas-adentro-vinos.com\/es\/seclantas-adentro-en-la-guia-descorchados\/","name":"Seclantas Adentro dans le guide Descorchados 2014 - Seclantas Adentro","isPartOf":{"@id":"https:\/\/www.seclantas-adentro-vinos.com\/es\/#website"},"datePublished":"2014-08-10T10:47:55+00:00","dateModified":"2020-02-19T08:04:44+00:00","author":{"@id":"https:\/\/www.seclantas-adentro-vinos.com\/es\/#\/schema\/person\/160a57d51539bd4e61220dbd3c8f5175"},"breadcrumb":{"@id":"https:\/\/www.seclantas-adentro-vinos.com\/es\/seclantas-adentro-en-la-guia-descorchados\/#breadcrumb"},"inLanguage":"es","potentialAction":[{"@type":"ReadAction","target":["https:\/\/www.seclantas-adentro-vinos.com\/es\/seclantas-adentro-en-la-guia-descorchados\/"]}]},{"@type":"BreadcrumbList","@id":"https:\/\/www.seclantas-adentro-vinos.com\/es\/seclantas-adentro-en-la-guia-descorchados\/#breadcrumb","itemListElement":[{"@type":"ListItem","position":1,"name":"Accueil","item":"https:\/\/www.seclantas-adentro-vinos.com\/es\/"},{"@type":"ListItem","position":2,"name":"Seclantas Adentro dans le guide Descorchados 2014"}]},{"@type":"WebSite","@id":"https:\/\/www.seclantas-adentro-vinos.com\/es\/#website","url":"https:\/\/www.seclantas-adentro-vinos.com\/es\/","name":"Seclantas Adentro","description":"An exceptional wine  The quintessence of the Calchaqu\u00ed Valley.","potentialAction":[{"@type":"SearchAction","target":{"@type":"EntryPoint","urlTemplate":"https:\/\/www.seclantas-adentro-vinos.com\/es\/?s={search_term_string}"},"query-input":"required name=search_term_string"}],"inLanguage":"es"},{"@type":"Person","@id":"https:\/\/www.seclantas-adentro-vinos.com\/es\/#\/schema\/person\/160a57d51539bd4e61220dbd3c8f5175","name":"Seclantas Adentro","sameAs":["https:\/\/www.facebook.com\/seclantas.adentro"]}]}},"_links":{"self":[{"href":"https:\/\/www.seclantas-adentro-vinos.com\/es\/wp-json\/wp\/v2\/posts\/181","targetHints":{"allow":["GET"]}}],"collection":[{"href":"https:\/\/www.seclantas-adentro-vinos.com\/es\/wp-json\/wp\/v2\/posts"}],"about":[{"href":"https:\/\/www.seclantas-adentro-vinos.com\/es\/wp-json\/wp\/v2\/types\/post"}],"author":[{"embeddable":true,"href":"https:\/\/www.seclantas-adentro-vinos.com\/es\/wp-json\/wp\/v2\/users\/2"}],"replies":[{"embeddable":true,"href":"https:\/\/www.seclantas-adentro-vinos.com\/es\/wp-json\/wp\/v2\/comments?post=181"}],"version-history":[{"count":1,"href":"https:\/\/www.seclantas-adentro-vinos.com\/es\/wp-json\/wp\/v2\/posts\/181\/revisions"}],"predecessor-version":[{"id":1141,"href":"https:\/\/www.seclantas-adentro-vinos.com\/es\/wp-json\/wp\/v2\/posts\/181\/revisions\/1141"}],"wp:featuredmedia":[{"embeddable":true,"href":"https:\/\/www.seclantas-adentro-vinos.com\/es\/wp-json\/wp\/v2\/media\/211"}],"wp:attachment":[{"href":"https:\/\/www.seclantas-adentro-vinos.com\/es\/wp-json\/wp\/v2\/media?parent=181"}],"wp:term":[{"taxonomy":"category","embeddable":true,"href":"https:\/\/www.seclantas-adentro-vinos.com\/es\/wp-json\/wp\/v2\/categories?post=181"},{"taxonomy":"post_tag","embeddable":true,"href":"https:\/\/www.seclantas-adentro-vinos.com\/es\/wp-json\/wp\/v2\/tags?post=181"}],"curies":[{"name":"wp","href":"https:\/\/api.w.org\/{rel}","templated":true}]}}